{"id":1014,"date":"2025-03-26T16:18:57","date_gmt":"2025-03-26T16:18:57","guid":{"rendered":"https:\/\/6enpunto.com\/?p=1014"},"modified":"2025-03-26T19:23:25","modified_gmt":"2025-03-26T19:23:25","slug":"el-habla-como-alerta-cinco-senales-tempranas-que-podrian-predecir-el-alzheimer","status":"publish","type":"post","link":"https:\/\/6enpunto.com\/index.php\/2025\/03\/26\/el-habla-como-alerta-cinco-senales-tempranas-que-podrian-predecir-el-alzheimer\/","title":{"rendered":"El habla como alerta: cinco se\u00f1ales tempranas que podr\u00edan predecir el Alzheimer"},"content":{"rendered":"<p><span style=\"font-weight: 400;\">El Alzheimer es una enfermedad cerebral que afecta progresivamente la memoria, el pensamiento y la capacidad de realizar tareas cotidianas. Quienes la padecen suelen experimentar cambios significativos en su comportamiento y personalidad. Seg\u00fan el portal Alzheimers.gov, esta condici\u00f3n, tambi\u00e9n conocida como demencia, se manifiesta a trav\u00e9s de alteraciones en la forma de pensar, recordar, razonar y comportarse.<\/span><\/p>\n<p><span style=\"font-weight: 400;\">Uno de los signos m\u00e1s comunes es la dificultad para recordar palabras espec\u00edficas, lo que lleva a pausas frecuentes o prolongadas al hablar. Por ejemplo, una persona con Alzheimer podr\u00eda tener problemas para encontrar la palabra correcta y, en su lugar, usar t\u00e9rminos vagos como &#8220;cosa&#8221; o recurrir a descripciones largas para compensar. Adem\u00e1s, pueden usar palabras de manera incorrecta, sustituyendo t\u00e9rminos por otros relacionados pero inexactos, como decir &#8220;gato&#8221; en lugar de &#8220;perro&#8221;.<\/span><\/p>\n<p><span style=\"font-weight: 400;\">Otra se\u00f1al temprana es la tendencia a hablar sobre una tarea en lugar de realizarla. En vez de completar una actividad, alguien con Alzheimer podr\u00eda expresar sus dudas o dificultades, diciendo cosas como: &#8220;No estoy seguro de poder hacer esto&#8221; o &#8220;Antes se me daba bien esto&#8221;. Esto refleja no solo problemas de memoria, sino tambi\u00e9n una disminuci\u00f3n en la capacidad para llevar a cabo acciones que antes eran rutinarias.<\/span><\/p>\n<p><span style=\"font-weight: 400;\">El lenguaje tambi\u00e9n puede volverse m\u00e1s limitado y repetitivo. Las personas con Alzheimer tienden a usar un vocabulario m\u00e1s simple, recurriendo a las mismas palabras b\u00e1sicas una y otra vez, en lugar de emplear un lenguaje variado y rico. Adem\u00e1s, pueden usar conectores como &#8220;el&#8221;, &#8220;y&#8221; o &#8220;pero&#8221; con mayor frecuencia, lo que evidencia una p\u00e9rdida de fluidez en su expresi\u00f3n. Finalmente, quienes padecen Alzheimer pueden tener dificultades para recordar palabras, objetos o conceptos espec\u00edficos, especialmente cuando se trata de categor\u00edas. Por ejemplo, podr\u00edan tener problemas para nombrar diferentes tipos de alimentos, partes del cuerpo o palabras que comienzan con la misma letra. Esta dificultad tiende a empeorar con el avance de la enfermedad, afectando cada vez m\u00e1s su capacidad de comunicaci\u00f3n y su independencia.<\/span><\/p>\n","protected":false},"excerpt":{"rendered":"<p>El Alzheimer es una enfermedad cerebral que afecta progresivamente la memoria, el pensamiento y la capacidad de realizar tareas cotidianas. Quienes la padecen suelen experimentar cambios significativos en su comportamiento y personalidad. Seg\u00fan el portal Alzheimers.gov, esta condici\u00f3n, tambi\u00e9n conocida como demencia, se manifiesta a trav\u00e9s de alteraciones en la forma de pensar, recordar, razonar y comportarse. Uno de los signos m\u00e1s comunes es la dificultad para recordar palabras espec\u00edficas, lo que lleva a pausas frecuentes o prolongadas al hablar. Por ejemplo, una persona con Alzheimer podr\u00eda tener problemas para encontrar la palabra correcta y, en su lugar, usar t\u00e9rminos vagos como &#8220;cosa&#8221; o recurrir a descripciones largas para compensar. Adem\u00e1s, pueden usar palabras de manera incorrecta, sustituyendo t\u00e9rminos por otros relacionados pero inexactos, como decir &#8220;gato&#8221; en lugar de &#8220;perro&#8221;. Otra se\u00f1al temprana es la tendencia a hablar sobre una tarea en lugar de realizarla. En vez de completar una actividad, alguien con Alzheimer podr\u00eda expresar sus dudas o dificultades, diciendo cosas como: &#8220;No estoy seguro de poder hacer esto&#8221; o &#8220;Antes se me daba bien esto&#8221;. Esto refleja no solo problemas de memoria, sino tambi\u00e9n una disminuci\u00f3n en la capacidad para llevar a cabo acciones que antes eran rutinarias. El lenguaje tambi\u00e9n puede volverse m\u00e1s limitado y repetitivo. Las personas con Alzheimer tienden a usar un vocabulario m\u00e1s simple, recurriendo a las mismas palabras b\u00e1sicas una y otra vez, en lugar de emplear un lenguaje variado y rico. Adem\u00e1s, pueden usar conectores como &#8220;el&#8221;, &#8220;y&#8221; o &#8220;pero&#8221; con mayor frecuencia, lo que evidencia una p\u00e9rdida de fluidez en su expresi\u00f3n. Finalmente, quienes padecen Alzheimer pueden tener dificultades para recordar palabras, objetos o conceptos espec\u00edficos, especialmente cuando se trata de categor\u00edas. Por ejemplo, podr\u00edan tener problemas para nombrar diferentes tipos de alimentos, partes del cuerpo o palabras que comienzan con la misma letra. Esta dificultad tiende a empeorar con el avance de la enfermedad, afectando cada vez m\u00e1s su capacidad de comunicaci\u00f3n y su independencia.<\/p>\n","protected":false},"author":1,"featured_media":1015,"comment_status":"open","ping_status":"open","sticky":false,"template":"","format":"standard","meta":{"footnotes":""},"categories":[28],"tags":[],"class_list":["post-1014","post","type-post","status-publish","format-standard","has-post-thumbnail","hentry","category-salud-ciencia"],"_links":{"self":[{"href":"https:\/\/6enpunto.com\/index.php\/wp-json\/wp\/v2\/posts\/1014","targetHints":{"allow":["GET"]}}],"collection":[{"href":"https:\/\/6enpunto.com\/index.php\/wp-json\/wp\/v2\/posts"}],"about":[{"href":"https:\/\/6enpunto.com\/index.php\/wp-json\/wp\/v2\/types\/post"}],"author":[{"embeddable":true,"href":"https:\/\/6enpunto.com\/index.php\/wp-json\/wp\/v2\/users\/1"}],"replies":[{"embeddable":true,"href":"https:\/\/6enpunto.com\/index.php\/wp-json\/wp\/v2\/comments?post=1014"}],"version-history":[{"count":1,"href":"https:\/\/6enpunto.com\/index.php\/wp-json\/wp\/v2\/posts\/1014\/revisions"}],"predecessor-version":[{"id":1016,"href":"https:\/\/6enpunto.com\/index.php\/wp-json\/wp\/v2\/posts\/1014\/revisions\/1016"}],"wp:featuredmedia":[{"embeddable":true,"href":"https:\/\/6enpunto.com\/index.php\/wp-json\/wp\/v2\/media\/1015"}],"wp:attachment":[{"href":"https:\/\/6enpunto.com\/index.php\/wp-json\/wp\/v2\/media?parent=1014"}],"wp:term":[{"taxonomy":"category","embeddable":true,"href":"https:\/\/6enpunto.com\/index.php\/wp-json\/wp\/v2\/categories?post=1014"},{"taxonomy":"post_tag","embeddable":true,"href":"https:\/\/6enpunto.com\/index.php\/wp-json\/wp\/v2\/tags?post=1014"}],"curies":[{"name":"wp","href":"https:\/\/api.w.org\/{rel}","templated":true}]}}